{"id":12024,"date":"2020-10-16T00:00:00","date_gmt":"2020-10-16T00:00:00","guid":{"rendered":"https:\/\/www.moltexbaby.com\/sin-categorizar\/18-de-octubre-dia-mundial-de-proteccion-de-la-naturaleza\/"},"modified":"2020-11-27T17:46:20","modified_gmt":"2020-11-27T17:46:20","slug":"18-de-octubre-dia-mundial-de-proteccion-de-la-naturaleza","status":"publish","type":"post","link":"https:\/\/www.moltexbaby.com\/es\/tu-peque-y-tu\/curiosidades\/18-de-octubre-dia-mundial-de-proteccion-de-la-naturaleza\/","title":{"rendered":"18 de octubre, D\u00eda Mundial de Protecci\u00f3n de la Naturaleza"},"content":{"rendered":"<p><strong>El 18 de octubre se celebra, desde hace casi 50 a\u00f1os, el D\u00eda Mundial de Protecci\u00f3n de la Naturaleza, que persigue un mundo m\u00e1s sustentable logrando que los pa\u00edses obtengan su desarrollo sin afectar la naturaleza, sino m\u00e1s bien aprovechando sus recursos a la vez que la protegemos.<\/strong><\/p>\n<p><strong>\u00bfPor qu\u00e9 se celebra el 18 de octubre?<\/strong><\/p>\n<p>El 18 de octubre de 1872 el ex presidente de Argentina pronunci\u00f3 en Madrid un discurso en el que dijo:<\/p>\n<p>\u00abHa llegado la hora en que todos los pueblos y gobiernos del mundo cobren conciencia de la marcha suicida que la humanidad ha emprendido a trav\u00e9s de la <a href=\"https:\/\/www.moltexbaby.com\/es\/cuidados-del-peque\/que-materiales-se-usan-en-un-panal-ecologico\/\">contaminaci\u00f3n del medio ambiente<\/a> y la biosfera, la dilapidaci\u00f3n de los recursos naturales, el crecimiento sin freno de la poblaci\u00f3n y la sobreestimaci\u00f3n de la tecnolog\u00eda. Es necesario revertir de inmediato la direcci\u00f3n de esa marcha, a trav\u00e9s de una acci\u00f3n mancomunada internacional\u00bb.<\/p>\n<p>Este discurso lleg\u00f3 a o\u00eddos de de Kurt Waldheim, entonces secretario de la ONU, quien las pronunci\u00f3 en la Asamblea General de la ONU, logrando que se instaurase ese 18 de octubre como D\u00eda Mundial de Protecci\u00f3n de la Naturaleza.<\/p>\n<p><strong>\u00bfCu\u00e1l es el objetivo de este D\u00eda Mundial?<\/strong><\/p>\n<p>Unos de los objetivos principales de la ONU, y de muchos gobiernos, es conseguir, por medio de la Agenda 2030, lograr que los pa\u00edses aprovechen los recursos renovables que la naturaleza nos ofrece sin acabar con ellos. Este objetivo mayor se concreta en una serie de puntos:<\/p>\n<p>&#8211; Utilizar <a href=\"https:\/\/www.moltexbaby.com\/es\/papas-de-hoy\/que-significan-las-certificaciones-ecologicas\/\">fuentes energ\u00e9ticas renovables<\/a> y dejar de usar otras como el petr\u00f3leo.<\/p>\n<p>&#8211; Reciclar y reutilizar todos los materiales de desecho que se puedan volver a usar.<\/p>\n<p>&#8211; Reducir los autom\u00f3viles m\u00e1s antiguos y conseguir que se vayan sustituyendo por otros que usen biocombustibles o energ\u00eda el\u00e9ctrica solar.<\/p>\n<p>&#8211; Construir urbanismos de techos verdes.<\/p>\n<p>&#8211; Generar composta org\u00e1nica en nuestros hogares para reducir la basura.<\/p>\n<p>&#8211; Reducir el consumo de pl\u00e1sticos.<\/p>\n<p>&#8211; Reducir nuestra huella de carbono.<\/p>\n<p>La protecci\u00f3n de la Naturaleza, de los ecosistemas y de la biodiversidad que habita en ellos es responsabilidad de todos los seres humanos, tanto de las instituciones, que deben implementar nuevas pol\u00edticas y leyes ambientales, como de todos nosotros.<\/p>\n<p><strong>\u00bfQu\u00e9 hacer para celebrar el D\u00eda Mundial de Protecci\u00f3n de la Naturaleza?<\/strong><\/p>\n<p>Para celebrar este d\u00eda lo primero que puedes hacer es explicar a tus hijos qu\u00e9 se celebra y por qu\u00e9. Asimismo, puedes concienciarle sobre todo lo que podemos hacer nosotros en casa para proteger la naturaleza, como reciclar, reducir y reutilizar, cuidar las plantas, no derrochar el agua o la electricidad, no da\u00f1ar los \u00e1rboles ni los animales, no contaminar ni tirar basura, etc.<\/p>\n<p>Tambi\u00e9n puedes acudir a alguna actividad planificada en este d\u00eda por las ONG, plantar \u00e1rboles, asistir a un taller de manualidades o ayudar a limpiar alg\u00fan parque o playa.<\/p>\n","protected":false},"excerpt":{"rendered":"<p>La protecci\u00f3n de la Naturaleza, de los ecosistemas y de la biodiversidad que habita en ellos es responsabilidad de todos los seres humanos<\/p>\n","protected":false},"author":6,"featured_media":12601,"comment_status":"open","ping_status":"open","sticky":false,"template":"","format":"standard","meta":{"_acf_changed":false,"footnotes":""},"categories":[8],"tags":[],"class_list":["post-12024","post","type-post","status-publish","format-standard","has-post-thumbnail","hentry","category-curiosidades"],"acf":[],"_links":{"self":[{"href":"https:\/\/www.moltexbaby.com\/es\/wp-json\/wp\/v2\/posts\/12024","targetHints":{"allow":["GET"]}}],"collection":[{"href":"https:\/\/www.moltexbaby.com\/es\/wp-json\/wp\/v2\/posts"}],"about":[{"href":"https:\/\/www.moltexbaby.com\/es\/wp-json\/wp\/v2\/types\/post"}],"author":[{"embeddable":true,"href":"https:\/\/www.moltexbaby.com\/es\/wp-json\/wp\/v2\/users\/6"}],"replies":[{"embeddable":true,"href":"https:\/\/www.moltexbaby.com\/es\/wp-json\/wp\/v2\/comments?post=12024"}],"version-history":[{"count":0,"href":"https:\/\/www.moltexbaby.com\/es\/wp-json\/wp\/v2\/posts\/12024\/revisions"}],"wp:featuredmedia":[{"embeddable":true,"href":"https:\/\/www.moltexbaby.com\/es\/wp-json\/wp\/v2\/media\/12601"}],"wp:attachment":[{"href":"https:\/\/www.moltexbaby.com\/es\/wp-json\/wp\/v2\/media?parent=12024"}],"wp:term":[{"taxonomy":"category","embeddable":true,"href":"https:\/\/www.moltexbaby.com\/es\/wp-json\/wp\/v2\/categories?post=12024"},{"taxonomy":"post_tag","embeddable":true,"href":"https:\/\/www.moltexbaby.com\/es\/wp-json\/wp\/v2\/tags?post=12024"}],"curies":[{"name":"wp","href":"https:\/\/api.w.org\/{rel}","templated":true}]}}