{"id":16285,"date":"2021-10-13T07:35:53","date_gmt":"2021-10-13T07:35:53","guid":{"rendered":"https:\/\/www.moltexbaby.com\/?p=16285"},"modified":"2021-10-13T07:35:53","modified_gmt":"2021-10-13T07:35:53","slug":"los-bebes-tienen-memoria","status":"publish","type":"post","link":"https:\/\/www.moltexbaby.com\/es\/tu-peque-y-tu\/curiosidades\/los-bebes-tienen-memoria\/","title":{"rendered":"\u00bfLos beb\u00e9s tienen memoria?"},"content":{"rendered":"<p><strong>Es habitual que creamos que los beb\u00e9s tienen un organismo tan inmaduro que hace que no sean capaces de recordar o distinguir personas, pero nada m\u00e1s lejos de la realidad. Los beb\u00e9s empiezan a generar recuerdos desde que est\u00e1n en el \u00fatero.<\/strong><\/p>\n<p>A partir del tercer trimestre de embarazo, el feto est\u00e1 lo suficientemente desarrollado como para empezar a almacenar recuerdos y experiencias. Aunque cuando somos adultos no recordamos la sensaci\u00f3n de estar dentro del \u00fatero ni el momento del parto, los beb\u00e9s reci\u00e9n nacidos s\u00ed que conservan estas memorias.<\/p>\n<p>Esto se debe a que las primeras memorias del beb\u00e9 son memorias inconscientes. Es decir, el peque\u00f1o es capaz de reconocer las voces de sus padres, algunos olores y sensaciones, pero no sabe determinar de d\u00f3nde vienen. Este tipo de recuerdos es importante, ya que har\u00e1 que su adaptaci\u00f3n a las rutinas y horarios sea m\u00e1s f\u00e1cil. A medida que crece, su cerebro seguir\u00e1 desarroll\u00e1ndose y entonces comenzar\u00e1n a aparecer los recuerdos conscientes.<\/p>\n<p>En esta etapa de crecimiento, comienzan a generarse experiencias y recuerdos que afectar\u00e1n inconscientemente a nuestra personalidad cuando seamos adultos. Por ejemplo, si <a href=\"https:\/\/www.moltexbaby.com\/es\/tu-peque-y-tu\/aprende-a-interpretarlos\/puede-un-bebe-tener-ansiedad\/\">un beb\u00e9 se asusta<\/a> por alg\u00fan sonido o animal, es probable que crezca con este miedo arraigado a su psique y sea un adulto con miedos que en un primer momento parecer\u00e1n irracionales.<\/p>\n<p>A partir de los tres meses, el cerebro del beb\u00e9 comenzar\u00e1 a estar lo suficientemente desarrollado como para almacenar recuerdos cada vez m\u00e1s conscientes. Sus conexiones neuronales han madurado lo suficiente como para saber reconocer rutinas, algunos juguetes y los rostros de sus familiares m\u00e1s cercanos.<\/p>\n<p>En torno a los nueves meses y en adelante, su desarrollo f\u00edsico e intelectual har\u00e1 que sea capaz de interactuar con los dem\u00e1s y <a href=\"https:\/\/www.moltexbaby.com\/es\/tu-peque-y-tu\/aprende-a-interpretarlos\/por-que-mi-bebe-no-juega-con-sus-juguetes\/\">recordar juegos<\/a>, objetos y personas. Esta evoluci\u00f3n seguir\u00e1 su camino y el peque\u00f1o tendr\u00e1 muchas memorias almacenadas que ir\u00e1n desapareciendo paulatinamente. Este proceso se conoce como amnesia infantil y es la responsable de que no tengamos recuerdos de cuando \u00e9ramos reci\u00e9n nacidos o beb\u00e9s.<\/p>\n<p>Los estudios cient\u00edficos realizados para arrojar luz sobre la amnesia infantil parecen determinar que la raz\u00f3n podr\u00eda estar en los siguientes aspectos:<\/p>\n<ul>\n<li><strong>Neurog\u00e9nesis<\/strong>. La continua creaci\u00f3n de neuronas durante el desarrollo del ni\u00f1o har\u00eda que se \u201csobreescribiesen\u201d los recuerdos de la infancia, olvidando aquellos ocurridos antes de los 4 a\u00f1os.<\/li>\n<li><strong>Desarrollo ling\u00fc\u00edstico.<\/strong> Podr\u00eda ser que esta amnesia estuviese producida por la ausencia de desarrollo del lenguaje, lo que har\u00eda imposible la organizaci\u00f3n de las memorias.<\/li>\n<li><strong>Ausencia del \u201cyo\u201d.<\/strong> Durante esta edad, los ni\u00f1os desconocen que existen o que tienen una identidad propia, lo que dificulta la persistencia de los recuerdos.<\/li>\n<\/ul>\n<p>Dicho esto, es importante que durante su educaci\u00f3n y crecimiento se realicen ejercicios para estimular su memoria y favorecer su desarrollo intelectual. Seguro que has escuchado la expresi\u00f3n: \u201cLos ni\u00f1os son como esponjas\u201d. Esta frase hecha hace referencia a la plasticidad del cerebro durante la infancia, que favorece <a href=\"https:\/\/www.moltexbaby.com\/es\/tu-peque-y-tu\/papas-de-hoy\/como-ensenar-ingles-a-los-bebes\/\">el aprendizaje de habilidades<\/a> y el desarrollo de capacidades cognitivas.<\/p>\n<p>Mediante la estimulaci\u00f3n de esta capacidad cognitiva aumentar\u00e1 el rendimiento intelectual del ni\u00f1o, promoviendo el desarrollo del raciocinio, la memoria, la creatividad y la l\u00f3gica, entre otros, mientras se previenen posibles trastornos del aprendizaje como el D\u00e9ficit de Atenci\u00f3n e Hiperactividad o la dislexia.<\/p>\n","protected":false},"excerpt":{"rendered":"<p>Las primeras memorias del beb\u00e9 son memorias inconscientes, pero se tienen desde el embarazo.<\/p>\n","protected":false},"author":20,"featured_media":16286,"comment_status":"closed","ping_status":"open","sticky":false,"template":"","format":"standard","meta":{"_acf_changed":false,"footnotes":""},"categories":[8],"tags":[],"class_list":["post-16285","post","type-post","status-publish","format-standard","has-post-thumbnail","hentry","category-curiosidades"],"acf":[],"_links":{"self":[{"href":"https:\/\/www.moltexbaby.com\/es\/wp-json\/wp\/v2\/posts\/16285","targetHints":{"allow":["GET"]}}],"collection":[{"href":"https:\/\/www.moltexbaby.com\/es\/wp-json\/wp\/v2\/posts"}],"about":[{"href":"https:\/\/www.moltexbaby.com\/es\/wp-json\/wp\/v2\/types\/post"}],"author":[{"embeddable":true,"href":"https:\/\/www.moltexbaby.com\/es\/wp-json\/wp\/v2\/users\/20"}],"replies":[{"embeddable":true,"href":"https:\/\/www.moltexbaby.com\/es\/wp-json\/wp\/v2\/comments?post=16285"}],"version-history":[{"count":0,"href":"https:\/\/www.moltexbaby.com\/es\/wp-json\/wp\/v2\/posts\/16285\/revisions"}],"wp:featuredmedia":[{"embeddable":true,"href":"https:\/\/www.moltexbaby.com\/es\/wp-json\/wp\/v2\/media\/16286"}],"wp:attachment":[{"href":"https:\/\/www.moltexbaby.com\/es\/wp-json\/wp\/v2\/media?parent=16285"}],"wp:term":[{"taxonomy":"category","embeddable":true,"href":"https:\/\/www.moltexbaby.com\/es\/wp-json\/wp\/v2\/categories?post=16285"},{"taxonomy":"post_tag","embeddable":true,"href":"https:\/\/www.moltexbaby.com\/es\/wp-json\/wp\/v2\/tags?post=16285"}],"curies":[{"name":"wp","href":"https:\/\/api.w.org\/{rel}","templated":true}]}}