{"id":4387,"date":"2020-01-24T10:18:06","date_gmt":"2020-01-24T10:18:06","guid":{"rendered":"https:\/\/www.moltexbaby.com\/alimentacion\/por-que-mi-bebe-tiene-caspa\/"},"modified":"2021-02-19T09:29:47","modified_gmt":"2021-02-19T09:29:47","slug":"por-que-mi-bebe-tiene-caspa","status":"publish","type":"post","link":"https:\/\/www.moltexbaby.com\/es\/tu-peque-y-tu\/cuidados-del-peque\/por-que-mi-bebe-tiene-caspa\/","title":{"rendered":"\u00bfPor qu\u00e9 mi beb\u00e9 tiene caspa?"},"content":{"rendered":"<p><strong>\u00a0La caspa es la descamaci\u00f3n de la dermis del cuero cabelludo a causa de un acortamiento del proceso de renovaci\u00f3n celular debido a la existencia de la piel muerta de la cabeza. Esta empieza a desarrollarse en la pubertad, por lo tanto, \u00bfes posible que mi beb\u00e9 tenga caspa?<\/strong><\/p>\n<p>No, no es posible. La caspa no surge hasta la pubertad, por lo que esas descamaciones que ves en la cabeza de tu beb\u00e9 no est\u00e1n causadas por la aparici\u00f3n de caspa, sino por la dermatitis seborreica infantil o costra l\u00e1ctea.<\/p>\n<p>La dermatitis seborreica aparece entre las 2 semanas y los 12 meses de edad. Suele empezar con la costra l\u00e1ctea, es decir, afectar al <a href=\"https:\/\/www.moltexbaby.com\/es\/cuidados-del-peque\/mi-bebe-tiene-poco-pelo\/\">cuero cabelludo<\/a> en primer lugar y, despu\u00e9s, extenderse por la frente y la cara, detr\u00e1s de la orejas, en la zona del pa\u00f1al o en otros pliegues y hendiduras de la piel.<\/p>\n<p>Esta seborrea aparece como \u00e1reas escamosas o peladas, manchas o costras amarillentas y pliegues de la piel rojos y h\u00famedos. Para distinguirlo bien de otro problema de la piel, hay que fijarse en que surjan placas rojizas y escamas gruesas de color amarillento o blanco con una apariencia grasienta. Aunque pueda parecer molesta para el beb\u00e9, lo cierto es no provoca picor ni dolor.<\/p>\n<p><strong>\u00bfPor qu\u00e9 aparece la costra l\u00e1ctea?<\/strong><\/p>\n<p>La costra l\u00e1ctea aparece por varios motivos combinados, entre los que se encuentra una producci\u00f3n excesiva de sebo por parte de las gl\u00e1ndulas seb\u00e1ceas y de los fol\u00edculos pilosos, la predisposici\u00f3n gen\u00e9tica y la presencia de un hongo llamado \u00abMalassezia\u00bb que se encuentra de manera natural en la piel.<\/p>\n<p><strong>\u00bfQu\u00e9 hacer si mi beb\u00e9 tiene dermatitis seborreica?<\/strong><\/p>\n<p>-Evitar exponer al beb\u00e9 al fr\u00edo o al sol.<\/p>\n<p>&#8211; No <a href=\"https:\/\/www.moltexbaby.com\/es\/salud-y-bienestar\/cual-es-la-temperatura-normal-de-un-bebe\/\">sobreabrigar<\/a> al beb\u00e9 para evitar el sudor.<\/p>\n<p>&#8211; Masajear el cuero cabelludo del beb\u00e9 con los dedos o un cepillo suave para soltar las escamas.<\/p>\n<p>&#8211; Lavar la cabeza del beb\u00e9 con un champ\u00fa especial para beb\u00e9s, enjuagando bien para evitar que queden restos de jab\u00f3n.<\/p>\n<p>&#8211; Si las escamas no se desprenden con facilidad, aplica un poco de vaselina o aceite de oliva sobre su cuero cabelludo, d\u00e9jalo actuar durante unos cuantos minutos y, despu\u00e9s, pasa un cepillo suave para extraerlas.<\/p>\n<p>&#8211; Puedes usar champ\u00fas especiales para tratar la costra l\u00e1ctea.<\/p>\n<p>El pediatra puede recomendarte alguna crema con antif\u00fangicos o esteroides para tratar las rojeces de la piel o quitar las escamas grasientas, pero, normalmente, lo mejor es dejar que pase el tiempo ya que se ir\u00e1 quitando sola a medida que el beb\u00e9 crezca.<\/p>\n<p><strong>\u00bfEs necesario llevar al beb\u00e9 al pediatra?<\/strong><\/p>\n<p>Solo hace falta llevarle al pediatra para consultarle sobre la costra l\u00e1ctea si le sangran las escamas o se propaga fuera del cuero cabelludo. Si se inflama, puede que sea necesario usar una crema con cortisona, pero nunca le des nada a tu beb\u00e9 sin consultar antes con su pediatra.<\/p>\n","protected":false},"excerpt":{"rendered":"<p> La caspa empieza a desarrollarse en la pubertad, por lo tanto, \u00bfes posible que mi beb\u00e9 tenga caspa?<\/p>\n","protected":false},"author":6,"featured_media":8723,"comment_status":"open","ping_status":"open","sticky":false,"template":"","format":"standard","meta":{"_acf_changed":false,"footnotes":""},"categories":[10],"tags":[],"class_list":["post-4387","post","type-post","status-publish","format-standard","has-post-thumbnail","hentry","category-cuidados-del-peque"],"acf":[],"_links":{"self":[{"href":"https:\/\/www.moltexbaby.com\/es\/wp-json\/wp\/v2\/posts\/4387","targetHints":{"allow":["GET"]}}],"collection":[{"href":"https:\/\/www.moltexbaby.com\/es\/wp-json\/wp\/v2\/posts"}],"about":[{"href":"https:\/\/www.moltexbaby.com\/es\/wp-json\/wp\/v2\/types\/post"}],"author":[{"embeddable":true,"href":"https:\/\/www.moltexbaby.com\/es\/wp-json\/wp\/v2\/users\/6"}],"replies":[{"embeddable":true,"href":"https:\/\/www.moltexbaby.com\/es\/wp-json\/wp\/v2\/comments?post=4387"}],"version-history":[{"count":0,"href":"https:\/\/www.moltexbaby.com\/es\/wp-json\/wp\/v2\/posts\/4387\/revisions"}],"wp:featuredmedia":[{"embeddable":true,"href":"https:\/\/www.moltexbaby.com\/es\/wp-json\/wp\/v2\/media\/8723"}],"wp:attachment":[{"href":"https:\/\/www.moltexbaby.com\/es\/wp-json\/wp\/v2\/media?parent=4387"}],"wp:term":[{"taxonomy":"category","embeddable":true,"href":"https:\/\/www.moltexbaby.com\/es\/wp-json\/wp\/v2\/categories?post=4387"},{"taxonomy":"post_tag","embeddable":true,"href":"https:\/\/www.moltexbaby.com\/es\/wp-json\/wp\/v2\/tags?post=4387"}],"curies":[{"name":"wp","href":"https:\/\/api.w.org\/{rel}","templated":true}]}}