{"id":10432,"date":"2020-09-27T21:26:25","date_gmt":"2020-09-27T21:26:25","guid":{"rendered":"https:\/\/www.moltexbaby.com\/?p=10432"},"modified":"2020-09-27T21:26:25","modified_gmt":"2020-09-27T21:26:25","slug":"a-varandossag-jelei-es-tunetei","status":"publish","type":"post","link":"https:\/\/www.moltexbaby.com\/hu\/jotanacsok\/a-varandossag-elott\/a-varandossag-jelei-es-tunetei\/","title":{"rendered":"A v\u00e1rand\u00f3ss\u00e1g jelei \u00e9s t\u00fcnetei"},"content":{"rendered":"<div class=\"wpb-content-wrapper\"><p>[vc_row][vc_column width=&#8221;1\/1&#8243;][vc_column_text]<span data-contrast=\"none\">A v\u00e1rand\u00f3ss\u00e1g tov\u00e1bbi korai jeleit \u00e9s\u00a0t\u00fcneteit az al\u00e1bbi felsorol\u00e1sban tal\u00e1lod. Minden n\u0151 m\u00e1s \u00e9s nem minden n\u0151 fogja \u00e9rz\u00e9kelni ezeket a\u00a0t\u00fcneteket.<\/span><span data-ccp-props=\"{&quot;201341983&quot;:0,&quot;335559740&quot;:276}\">\u00a0<\/span>[\/vc_column_text][vc_custom_heading heading_semantic=&#8221;h3&#8243; text_size=&#8221;h4&#8243;]<strong><span class=\"TextRun SCXW198491597 BCX0\" lang=\"HU\" xml:lang=\"HU\" data-contrast=\"none\"><span class=\"NormalTextRun SCXW198491597 BCX0\">Rossz k\u00f6z\u00e9rzet a v\u00e1rand\u00f3ss\u00e1g sor\u00e1n\u00a0<\/span><\/span><span class=\"EOP SCXW198491597 BCX0\" data-ccp-props=\"{&quot;201341983&quot;:0,&quot;335559740&quot;:276}\">\u00a0<\/span><\/strong>[\/vc_custom_heading][vc_column_text]<span data-contrast=\"none\">Lehet, hogy betegnek \u00e9rzed magad \u00e9s undorodsz dolgokt\u00f3l \u00e9s\/vagy \u00e9melyegsz. A v\u00e1rand\u00f3ss\u00e1g leg\u00e1ltal\u00e1nosabb jele a reggeli h\u00e1nyinger, de alapvet\u0151en a nap b\u00e1rmelyik\u00a0szak\u00e1ban\u00a0jelentkezhet.<\/span><span data-ccp-props=\"{&quot;201341983&quot;:0,&quot;335559740&quot;:276}\">\u00a0<\/span><span data-ccp-props=\"{&quot;201341983&quot;:0,&quot;335559740&quot;:276}\">\u00a0<\/span><\/p>\n<p><span data-contrast=\"none\">A legt\u00f6bb n\u0151n\u00e9l, aki reggeli \u00e9melyg\u00e9ssel k\u00fczd, az els\u0151\u00a0t\u00fcnetek az utols\u00f3 ciklus ut\u00e1n nagyj\u00e1b\u00f3l hat h\u00e9ttel kezd\u0151dnek.<\/span><span data-ccp-props=\"{&quot;201341983&quot;:0,&quot;335559740&quot;:276}\">\u00a0<\/span>[\/vc_column_text][vc_custom_heading heading_semantic=&#8221;h3&#8243; text_size=&#8221;h4&#8243;]<strong><span class=\"TextRun SCXW67674765 BCX0\" lang=\"HU\" xml:lang=\"HU\" data-contrast=\"none\"><span class=\"NormalTextRun SCXW67674765 BCX0\">A f\u00e1radts\u00e1g \u00e1ltal\u00e1nos a v\u00e1rand\u00f3ss\u00e1g alatt\u00a0<\/span><\/span><span class=\"EOP SCXW67674765 BCX0\" data-ccp-props=\"{&quot;201341983&quot;:0,&quot;335559740&quot;:276}\">\u00a0<\/span><\/strong>[\/vc_custom_heading][vc_column_text]<span data-contrast=\"none\">A f\u00e1radts\u00e1g \u00e1ltal\u00e1nos a v\u00e1rand\u00f3ss\u00e1g alatt\u00a0<\/span><span data-ccp-props=\"{&quot;201341983&quot;:0,&quot;335559740&quot;:276}\">\u00a0<\/span><\/p>\n<p><span data-contrast=\"none\">\u00c1ltal\u00e1nos jelens\u00e9g, hogy a v\u00e1rand\u00f3s n\u0151k f\u00e1radtak, ak\u00e1r kimer\u00fcltek is, k\u00fcl\u00f6n\u00f6sk\u00e9ppen az els\u0151\u00a012 h\u00e9tben. A testedben k\u00fcl\u00f6nb\u00f6z\u0151 hormon\u00e1lis v\u00e1ltoz\u00e1sok zajlanak, amelyekt\u0151l f\u00e1radt lehetsz, undort \u00e9rezhetsz \u00e9s \u00e9rzelmileg is t\u00falterheltnek \u00e9rezheted magad.<\/span><span data-ccp-props=\"{&quot;201341983&quot;:0,&quot;335559740&quot;:276}\">\u00a0<\/span>[\/vc_column_text][vc_custom_heading heading_semantic=&#8221;h3&#8243; text_size=&#8221;h4&#8243;]<strong>\u00a0F\u00e1j\u00f3 mellek a v\u00e1rand\u00f3ss\u00e1g alatt\u00a0\u00a0<\/strong>[\/vc_custom_heading][vc_column_text]<span class=\"TextRun SCXW204455134 BCX0\" lang=\"HU\" xml:lang=\"HU\" data-contrast=\"none\"><span class=\"NormalTextRun SCXW204455134 BCX0\">A melleid megn\u0151hetnek \u00e9s \u00e9rz\u00e9kenny\u00e9 v\u00e1lhatnak, ak\u00e1rcsak a menstru\u00e1ci\u00f3 el\u0151tt. Lehet, hogy sz\u00farnak is. A visszerek jobban l\u00e1that\u00f3k, a mellbimb\u00f3id bes\u00f6t\u00e9tednek \u00e9s jobban ki\u00e1llnak.\u00a0<\/span><\/span><span class=\"EOP SCXW204455134 BCX0\" data-ccp-props=\"{&quot;201341983&quot;:0,&quot;335559740&quot;:276}\">\u00a0<\/span>[\/vc_column_text][vc_custom_heading heading_semantic=&#8221;h3&#8243; text_size=&#8221;h4&#8243;]<strong><span class=\"TextRun SCXW261667355 BCX0\" lang=\"HU\" xml:lang=\"HU\" data-contrast=\"none\"><span class=\"NormalTextRun SCXW261667355 BCX0\">A gyakoribb vizel\u00e9si inger is v\u00e1rand\u00f3ss\u00e1gra enged k\u00f6vetkeztetni\u00a0<\/span><\/span><span class=\"EOP SCXW261667355 BCX0\" data-ccp-props=\"{&quot;201341983&quot;:0,&quot;335559740&quot;:276}\">\u00a0<\/span><\/strong>[\/vc_custom_heading][vc_column_text]<span data-contrast=\"none\">A szok\u00e1sosn\u00e1l gyakrabban kell pisilned, bele\u00e9rtve az \u00e9jszak\u00e1t is.<\/span><span data-ccp-props=\"{&quot;201341983&quot;:0,&quot;335559740&quot;:276}\">\u00a0<\/span><\/p>\n<p><span data-contrast=\"none\">A v\u00e1rand\u00f3ss\u00e1g m\u00e1s jelei, melyeket lehet, hogy \u00e9rz\u00e9kelsz magadon: sz\u00e9kreked\u00e9s \u00e9s\/vagy a h\u00fcvelyv\u00e1lad\u00e9k mennyis\u00e9g\u00e9nek megn\u00f6veked\u00e9se f\u00e1jdalom \u00e9s irrit\u00e1ci\u00f3 n\u00e9lk\u00fcl<\/span><span data-ccp-props=\"{&quot;201341983&quot;:0,&quot;335559740&quot;:276}\">\u00a0<\/span>[\/vc_column_text][vc_custom_heading heading_semantic=&#8221;h3&#8243; text_size=&#8221;h4&#8243;]<strong>Furcsa \u00edzek, szagok \u00e9s s\u00f3v\u00e1rg\u00e1s\u00a0\u00a0<\/strong>[\/vc_custom_heading][vc_column_text]<span data-contrast=\"none\">A koraterhess\u00e9g\u00a0sor\u00e1n lehet, hogy \u00fagy \u00e9rzed, hogy az \u00e9rz\u00e9keid kifinomultak \u00e9s n\u00e9h\u00e1ny \u00e9tel vagy ital, amit kor\u00e1bban szerett\u00e9l, hirtelen elkezd tasz\u00edtani. Lehet, hogy ezt is \u00e9szreveszed:<\/span><span data-ccp-props=\"{&quot;201341983&quot;:0,&quot;335559740&quot;:276}\">\u00a0<\/span><\/p>\n<ul>\n<li><span data-contrast=\"none\">a sz\u00e1dban egy fura \u00edz jelenik meg, amit a legt\u00f6bb n\u0151 f\u00e9mesk\u00e9nt jellemez;<\/span><span data-ccp-props=\"{&quot;201341983&quot;:0,&quot;335559740&quot;:276}\">\u00a0<\/span><\/li>\n<li><span data-contrast=\"none\">szokatlan \u00e9tv\u00e1gy vagy bizonyos \u00e9telek ir\u00e1nti s\u00f3v\u00e1rg\u00e1s;<\/span><span data-ccp-props=\"{&quot;201341983&quot;:0,&quot;335559740&quot;:276}\">\u00a0<\/span><\/li>\n<li><span data-contrast=\"none\">megsz\u0171nik az \u00e9rdekl\u0151d\u00e9sed olyan \u00e9telek \u00e9s italok ir\u00e1nt, amelyeket kor\u00e1bban szerett\u00e9l, mint p\u00e9ld\u00e1ul a tea, a k\u00e1v\u00e9 vagy a zs\u00edros \u00e9telek;<\/span><span data-ccp-props=\"{&quot;201341983&quot;:0,&quot;335559740&quot;:276}\">\u00a0<\/span><\/li>\n<li><span data-contrast=\"none\">nem \u00e9rdekel t\u00f6bb\u00e9 a doh\u00e1nyz\u00e1s;<\/span><span data-ccp-props=\"{&quot;201341983&quot;:0,&quot;335559740&quot;:276}\">\u00a0<\/span><\/li>\n<li><span data-contrast=\"none\">lehet, hogy a kor\u00e1bbin\u00e1l \u00e9lesebb lesz a szagl\u00e1sod, p\u00e9ld\u00e1ul az \u00e9telek vagy a f\u0151z\u00e9s vonatkoz\u00e1s\u00e1ban.\u00a0<\/span><span data-ccp-props=\"{&quot;201341983&quot;:0,&quot;335559740&quot;:276}\">\u00a0<\/span><\/li>\n<\/ul>\n<p><span data-contrast=\"none\">Ha a v\u00e1rand\u00f3ss\u00e1g\u00a0t\u00fcneteit a fentiekt\u0151l elt\u00e9r\u0151en tapasztalod meg, \u00f6r\u00f6mmel vessz\u00fck, ha ezt megosztod vel\u00fcnk. Oszd meg b\u00e1tran a saj\u00e1t \u00e9lm\u00e9nyeidet is.<\/span><span data-ccp-props=\"{&quot;201341983&quot;:0,&quot;335559740&quot;:276}\">\u00a0<\/span><\/p>\n<p><span data-contrast=\"none\">Ha megtudtad, hogy v\u00e1rand\u00f3s vagy, gratul\u00e1lunk! Ne k\u00e9slekedj a v\u00e1rand\u00f3ss\u00e1g alatti j\u00f3 k\u00f6z\u00e9rzetet szolg\u00e1l\u00f3 cikkeinket is elolvasni.<\/span><span data-ccp-props=\"{&quot;201341983&quot;:0,&quot;335559740&quot;:276}\">\u00a0<\/span>[\/vc_column_text][\/vc_column][\/vc_row]<\/p>\n<\/div>","protected":false},"excerpt":{"rendered":"<p>A norm\u00e1l havi ciklussal \u00e9l\u0151 n\u0151k sz\u00e1m\u00e1ra a legkor\u00e1bbi \u00e9s legmegb\u00edzhat\u00f3bb jele a v\u00e1rand\u00f3ss\u00e1gnak a kimarad\u00f3 menstru\u00e1ci\u00f3. Azoknak a n\u0151knek, akik v\u00e1rand\u00f3sak, n\u00e9ha nagyon enyh\u00e9n megvan a ciklusuk, \u00e9pp csak egy kev\u00e9s v\u00e9rt vesz\u00edtve. <\/p>\n","protected":false},"author":6,"featured_media":10435,"comment_status":"closed","ping_status":"closed","sticky":false,"template":"","format":"standard","meta":{"_acf_changed":false,"footnotes":""},"categories":[6341],"tags":[],"class_list":["post-10432","post","type-post","status-publish","format-standard","has-post-thumbnail","hentry","category-a-varandossag-elott"],"acf":[],"_links":{"self":[{"href":"https:\/\/www.moltexbaby.com\/hu\/wp-json\/wp\/v2\/posts\/10432","targetHints":{"allow":["GET"]}}],"collection":[{"href":"https:\/\/www.moltexbaby.com\/hu\/wp-json\/wp\/v2\/posts"}],"about":[{"href":"https:\/\/www.moltexbaby.com\/hu\/wp-json\/wp\/v2\/types\/post"}],"author":[{"embeddable":true,"href":"https:\/\/www.moltexbaby.com\/hu\/wp-json\/wp\/v2\/users\/6"}],"replies":[{"embeddable":true,"href":"https:\/\/www.moltexbaby.com\/hu\/wp-json\/wp\/v2\/comments?post=10432"}],"version-history":[{"count":0,"href":"https:\/\/www.moltexbaby.com\/hu\/wp-json\/wp\/v2\/posts\/10432\/revisions"}],"wp:featuredmedia":[{"embeddable":true,"href":"https:\/\/www.moltexbaby.com\/hu\/wp-json\/wp\/v2\/media\/10435"}],"wp:attachment":[{"href":"https:\/\/www.moltexbaby.com\/hu\/wp-json\/wp\/v2\/media?parent=10432"}],"wp:term":[{"taxonomy":"category","embeddable":true,"href":"https:\/\/www.moltexbaby.com\/hu\/wp-json\/wp\/v2\/categories?post=10432"},{"taxonomy":"post_tag","embeddable":true,"href":"https:\/\/www.moltexbaby.com\/hu\/wp-json\/wp\/v2\/tags?post=10432"}],"curies":[{"name":"wp","href":"https:\/\/api.w.org\/{rel}","templated":true}]}}